{"id":19492,"date":"2011-10-25T01:30:00","date_gmt":"2011-10-25T00:30:00","guid":{"rendered":"http:\/\/www.oaza.warszawa.pl\/wp\/c293-oaza-warszawa\/c294-aktualnosci-oazowe\/c299-diakonie\/c305-d-wychowawcza\/oaza-warszawa-spotkanie-diakonii-wychowawczej-29-10\/"},"modified":"2017-01-09T14:39:08","modified_gmt":"2017-01-09T13:39:08","slug":"oaza-warszawa-spotkanie-diakonii-wychowawczej-29-10","status":"publish","type":"post","link":"https:\/\/www.oaza.warszawa.pl\/wp\/roznosci\/oaza-warszawa-spotkanie-diakonii-wychowawczej-29-10\/","title":{"rendered":"Spotkanie diakonii wychowawczej &#8211; 29.10"},"content":{"rendered":"<p>W najbli\u017csz\u0105 sobot\u0119 odb\u0119dzie si\u0119 spotkanie diecezjalnej diakonii wychowawczej. B\u0119dzie ono po\u015bwi\u0119cone m.in. podsumowaniu tegorocznych rekolekcji. Dlatego zapraszamy  na nie wszystkie osoby, kt&oacute;re pos\u0142ugiwa\u0142y w tym roku na Oazach Rodzin, a tak\u017ce animator&oacute;w Domowego Ko\u015bcio\u0142a oraz wszystkie osoby, kt&oacute;re chcia\u0142yby podzieli\u0107 si\u0119 refleksjami dotycz\u0105cymi diakonii wychowawczej.<\/p>\n<p>Spotykamy si\u0119 <strong>29.10 <\/strong>w parafii <strong>\u015bw. Jakuba <\/strong>przy pl. Narutowicza w Warszawie. Dom parafialny znajduje si\u0119 na lewo od ko\u015bcio\u0142a, nieco z ty\u0142u. Odpowiednia sala zostanie oznaczona.<\/p>\n<p>Spotkanie rozpocznie si\u0119 o <strong>godz. 11:00<\/strong> i potrwa ok. 2 godz.<\/p>\n<p>Zapraszamy serdecznie osoby, kt&oacute;re jednorazowo pos\u0142ugiwa\u0142y w diakonii wychowawczej oraz te, kt&oacute;re rozwa\u017caj\u0105 sta\u0142\u0105 formacj\u0119 w tej diakonii. Mile widziani s\u0105 r&oacute;wnie\u017c wszyscy ci, kt&oacute;rzy zechc\u0105 podzieli\u0107 si\u0119 z nami swoim do\u015bwiadczeniem i opiniami.<\/p>\n<p>Cz\u0142onkiem diecezjalnej diakonii wychowawczej mo\u017ce by\u0107 ka\u017cda osoba od 16 r.\u017c., kt&oacute;ra trwa w osobistej formacji we wsp&oacute;lnocie Ruchu &#8222;\u015awiat\u0142o-\u017bycie&#8221; (bez wzgl\u0119du na jej etap). Nasze spotkania maj\u0105 charakter otwarty. Zach\u0119camy do odwiedzin i zapoznania si\u0119 z nasz\u0105 pos\u0142ug\u0105. Daje DU\u017bO rado\u015bci!<\/p>\n<p>Dla os&oacute;b zainteresowanych:<br \/>&#8222;Czym NIE jest diakonia wychowawcza?&#8221; &#8211; http:\/\/www.oaza.pl\/dokument.php?id=2758<\/p>\n","protected":false},"excerpt":{"rendered":"<div class=\"mh-excerpt\"><p>W najbli\u017csz\u0105 sobot\u0119 odb\u0119dzie si\u0119 spotkanie diecezjalnej diakonii wychowawczej. B\u0119dzie ono po\u015bwi\u0119cone m.in. podsumowaniu tegorocznych rekolekcji. Dlatego zapraszamy  na nie wszystkie osoby, kt&oacute;re pos\u0142ugiwa\u0142y w tym roku na Oazach Rodzin, a tak\u017ce animator&oacute;w Domowego Ko\u015bcio\u0142a oraz wszystkie osoby, kt&oacute;re chcia\u0142yby podzieli\u0107 si\u0119 refleksjami dotycz\u0105cymi diakonii wychowawczej.<\/p>\n<p> <a class=\"mh-excerpt-more\" href=\"https:\/\/www.oaza.warszawa.pl\/wp\/roznosci\/oaza-warszawa-spotkanie-diakonii-wychowawczej-29-10\/\" title=\"Spotkanie diakonii wychowawczej &#8211; 29.10\">[&#8230;]<\/a><\/p>\n<\/div>","protected":false},"author":6997,"featured_media":0,"comment_status":"closed","ping_status":"open","sticky":false,"template":"","format":"standard","meta":{"_monsterinsights_skip_tracking":false,"_monsterinsights_sitenote_active":false,"_monsterinsights_sitenote_note":"","_monsterinsights_sitenote_category":0,"footnotes":""},"categories":[4],"tags":[223,203,221],"class_list":{"0":"post-19492","1":"post","2":"type-post","3":"status-publish","4":"format-standard","6":"category-roznosci","7":"tag-diakonia","8":"tag-diakonia-wychowawcza","9":"tag-oaza"},"aioseo_notices":[],"views":223,"publishpress_future_action":{"enabled":false,"date":"2026-05-06 09:14:28","action":"category","newStatus":"draft","terms":[],"taxonomy":"category"},"publishpress_future_workflow_manual_trigger":{"enabledWorkflows":[]},"_links":{"self":[{"href":"https:\/\/www.oaza.warszawa.pl\/wp\/wp-json\/wp\/v2\/posts\/19492","targetHints":{"allow":["GET"]}}],"collection":[{"href":"https:\/\/www.oaza.warszawa.pl\/wp\/wp-json\/wp\/v2\/posts"}],"about":[{"href":"https:\/\/www.oaza.warszawa.pl\/wp\/wp-json\/wp\/v2\/types\/post"}],"author":[{"embeddable":true,"href":"https:\/\/www.oaza.warszawa.pl\/wp\/wp-json\/wp\/v2\/users\/6997"}],"replies":[{"embeddable":true,"href":"https:\/\/www.oaza.warszawa.pl\/wp\/wp-json\/wp\/v2\/comments?post=19492"}],"version-history":[{"count":1,"href":"https:\/\/www.oaza.warszawa.pl\/wp\/wp-json\/wp\/v2\/posts\/19492\/revisions"}],"predecessor-version":[{"id":23231,"href":"https:\/\/www.oaza.warszawa.pl\/wp\/wp-json\/wp\/v2\/posts\/19492\/revisions\/23231"}],"wp:attachment":[{"href":"https:\/\/www.oaza.warszawa.pl\/wp\/wp-json\/wp\/v2\/media?parent=19492"}],"wp:term":[{"taxonomy":"category","embeddable":true,"href":"https:\/\/www.oaza.warszawa.pl\/wp\/wp-json\/wp\/v2\/categories?post=19492"},{"taxonomy":"post_tag","embeddable":true,"href":"https:\/\/www.oaza.warszawa.pl\/wp\/wp-json\/wp\/v2\/tags?post=19492"}],"curies":[{"name":"wp","href":"https:\/\/api.w.org\/{rel}","templated":true}]}}