{"id":28022,"date":"2021-09-10T23:10:58","date_gmt":"2021-09-10T22:10:58","guid":{"rendered":"https:\/\/www.oaza.warszawa.pl\/wp\/?p=28022"},"modified":"2021-09-11T21:15:00","modified_gmt":"2021-09-11T20:15:00","slug":"pdw-relacja","status":"publish","type":"post","link":"https:\/\/www.oaza.warszawa.pl\/wp\/relacja\/pdw-relacja\/","title":{"rendered":"Powakacyjny Dzie\u0144 Wsp\u00f3lnoty 2021 &#8211; relacja"},"content":{"rendered":"<div dir=\"auto\">\n<p>Niedzielne popo\u0142udnie 5 wrze\u015bnia by\u0142o czasem, w kt\u00f3rym mieli\u015bmy szans\u0119 dzi\u0119kowa\u0107 Bogu za dar i owoce tegorocznych, wakacyjnych rekolekcji, za wszystkie osoby, dzi\u0119ki kt\u00f3rym by\u0142y one mo\u017cliwe do zorganizowania. Tak jak w zesz\u0142ym roku Powakacyjny Dzie\u0144 Wsp\u00f3lnoty odby\u0142 si\u0119 w \u015awi\u0105tyni Opatrzno\u015bci Bo\u017cej.\u00a0 Zar\u00f3wno dzieci, m\u0142odzie\u017c, jak i rodziny rozpocz\u0119\u0142y go od spotka\u0144 w swoich oazach. By\u0142o niezwykle rado\u015bnie. \u00a0Jedni cieszyli si\u0119 ze swojej obecno\u015bci ta\u0144cz\u0105c, inni \u015bpiewaj\u0105c, a jeszcze inni zasiedli na kocach i przy piknikowych przek\u0105skach wspominali wsp\u00f3lnie razem sp\u0119dzone chwile na rekolekcjach.<\/p>\n<p>W tym samym czasie Diakonia \u017bycia zbiera\u0142a na rzecz Fundacji Ma\u0142ych St\u00f3pek artyku\u0142y do piel\u0119gnacji noworodk\u00f3w. B\u00f3g zap\u0142a\u0107 wszystkim za przyniesione rzeczy.<\/p>\n<p>Nast\u0119pnie przeszli\u015bmy do ko\u015bcio\u0142a, gdzie przyzywaj\u0105c Ducha \u015awi\u0119tego, \u00a0podczas Godziny \u015awiadectw podzielili\u015bmy si\u0119 tym, co poruszy\u0142o nasze serca w czasie oaz lub w czasie wakacji.<\/p>\n<p>Po\u00a0 kr\u00f3tkim przygotowaniu, rozpocz\u0119\u0142a si\u0119 Eucharystia, na kt\u00f3rej obecni byli nasi duszpasterze wraz z ksi\u0119dzem diakonem, przewodniczy\u0142 jej nowy Moderator R\u015a\u017b AW ksi\u0105dz Marek Traczyk.<\/p>\n<p>W wyg\u0142oszonej homilii ksi\u0105dz Moderator por\u00f3wna\u0142 chorob\u0119 g\u0142uchoniemego z Ewangelii, kt\u00f3ry do\u015bwiadcza\u0142 braku wi\u0119zi i kontaktu z drugim cz\u0142owiekiem, do tego, co prze\u017cywali\u015bmy podczas ostatnich 2 lat pandemii. Zauwa\u017cy\u0142, \u017ce podstaw\u0105 dobrej relacji z lud\u017ami jest \u017cywa relacja z Bogiem. \u017byczy\u0142, by by\u0142a ona dla nas \u017ar\u00f3d\u0142em si\u0142y do budowania wi\u0119zi z lud\u017ami, modlitwy, lepszego \u017cycia we wsp\u00f3lnocie i w spo\u0142ecze\u0144stwie.<\/p>\n<p>Podczas Powakacyjnego Dnia Wsp\u00f3lnoty odby\u0142o si\u0119 przekazanie pos\u0142ugi nowej parze rejonowej Domowego Ko\u015bcio\u0142a R\u015a\u017b AW w Rejonie Ursyn\u00f3w: Maria i Piotr Poncyliusz przekazali pos\u0142ug\u0119\u00a0 Dorocie i Witoldowi Kalatom.<\/p>\n<p>Przed b\u0142ogos\u0142awie\u0144stwem ksi\u0105dz Marek Traczyk, przedstawicielka m\u0142odzie\u017cy oraz ma\u0142\u017ce\u0144stwo z DK podzi\u0119kowali ksi\u0119dzu Marcinowi Lorentzowi za jego pos\u0142ug\u0119 jako Moderatora R\u015a\u017b AW, kt\u00f3r\u0105 pe\u0142ni\u0142 ponad kadencj\u0119. S\u0142owa podzi\u0119kowania pop\u0142yn\u0119\u0142y r\u00f3wnie\u017c do innych os\u00f3b, kt\u00f3re przez wiele lat pe\u0142ni\u0142y rol\u0119 odpowiedzialnych r\u00f3\u017cnych diecezjalnych diakonii.<\/p>\n<p>Opraw\u0119 muzyczn\u0105 w czasie ca\u0142ego Dnia Wsp\u00f3lnoty prowadzi\u0142y osoby, kt\u00f3re odpowiedzia\u0142y na zaproszenie Diakonii Muzycznej, tworz\u0105c schol\u0119 i ma\u0142\u0105 orkiestr\u0119.<\/p>\n<p>Po mszy \u015bwi\u0119tej mo\u017cna by\u0142o spotka\u0107 si\u0119 z przedstawicielami r\u00f3\u017cnych diakonii, porozmawia\u0107, dowiedzie\u0107 si\u0119 na czym polega ich pos\u0142uga, kiedy i gdzie si\u0119 spotykaj\u0105.<\/p>\n<p>Chwa\u0142a Panu za wszystkie osoby, dzi\u0119ki kt\u00f3rym wakacyjne rekolekcje mog\u0142y si\u0119 odby\u0107!<\/p>\n<div id='gallery-1' class='gallery galleryid-28022 gallery-columns-3 gallery-size-thumbnail'><figure class='gallery-item'>\n\t\t\t<div class='gallery-icon landscape'>\n\t\t\t\t<a href='https:\/\/www.oaza.warszawa.pl\/wp\/relacja\/pdw-relacja\/attachment\/mbl_7106\/'><img loading=\"lazy\" decoding=\"async\" width=\"180\" height=\"120\" src=\"https:\/\/www.oaza.warszawa.pl\/wp\/wp-content\/uploads\/2021\/09\/MBL_7106-180x120.jpg\" class=\"attachment-thumbnail size-thumbnail\" alt=\"\" srcset=\"https:\/\/www.oaza.warszawa.pl\/wp\/wp-content\/uploads\/2021\/09\/MBL_7106-180x120.jpg 180w, https:\/\/www.oaza.warszawa.pl\/wp\/wp-content\/uploads\/2021\/09\/MBL_7106-338x225.jpg 338w, https:\/\/www.oaza.warszawa.pl\/wp\/wp-content\/uploads\/2021\/09\/MBL_7106-657x438.jpg 657w, https:\/\/www.oaza.warszawa.pl\/wp\/wp-content\/uploads\/2021\/09\/MBL_7106-768x512.jpg 768w, https:\/\/www.oaza.warszawa.pl\/wp\/wp-content\/uploads\/2021\/09\/MBL_7106-600x400.jpg 600w, https:\/\/www.oaza.warszawa.pl\/wp\/wp-content\/uploads\/2021\/09\/MBL_7106-1536x1024.jpg 1536w, https:\/\/www.oaza.warszawa.pl\/wp\/wp-content\/uploads\/2021\/09\/MBL_7106.jpg 1620w\" sizes=\"auto, (max-width: 180px) 100vw, 180px\" \/><\/a>\n\t\t\t<\/div><\/figure><figure class='gallery-item'>\n\t\t\t<div class='gallery-icon landscape'>\n\t\t\t\t<a href='https:\/\/www.oaza.warszawa.pl\/wp\/relacja\/pdw-relacja\/attachment\/mbl_7107\/'><img loading=\"lazy\" decoding=\"async\" width=\"180\" height=\"120\" src=\"https:\/\/www.oaza.warszawa.pl\/wp\/wp-content\/uploads\/2021\/09\/MBL_7107-180x120.jpg\" class=\"attachment-thumbnail size-thumbnail\" alt=\"PDW_2021.09.05\" srcset=\"https:\/\/www.oaza.warszawa.pl\/wp\/wp-content\/uploads\/2021\/09\/MBL_7107-180x120.jpg 180w, https:\/\/www.oaza.warszawa.pl\/wp\/wp-content\/uploads\/2021\/09\/MBL_7107-338x225.jpg 338w, https:\/\/www.oaza.warszawa.pl\/wp\/wp-content\/uploads\/2021\/09\/MBL_7107-657x438.jpg 657w, https:\/\/www.oaza.warszawa.pl\/wp\/wp-content\/uploads\/2021\/09\/MBL_7107-768x512.jpg 768w, https:\/\/www.oaza.warszawa.pl\/wp\/wp-content\/uploads\/2021\/09\/MBL_7107-600x400.jpg 600w, https:\/\/www.oaza.warszawa.pl\/wp\/wp-content\/uploads\/2021\/09\/MBL_7107-1536x1024.jpg 1536w, https:\/\/www.oaza.warszawa.pl\/wp\/wp-content\/uploads\/2021\/09\/MBL_7107.jpg 1620w\" sizes=\"auto, (max-width: 180px) 100vw, 180px\" \/><\/a>\n\t\t\t<\/div><\/figure><figure class='gallery-item'>\n\t\t\t<div class='gallery-icon landscape'>\n\t\t\t\t<a href='https:\/\/www.oaza.warszawa.pl\/wp\/relacja\/pdw-relacja\/attachment\/mbl_7120\/'><img loading=\"lazy\" decoding=\"async\" width=\"180\" height=\"120\" src=\"https:\/\/www.oaza.warszawa.pl\/wp\/wp-content\/uploads\/2021\/09\/MBL_7120-180x120.jpg\" class=\"attachment-thumbnail size-thumbnail\" alt=\"\" srcset=\"https:\/\/www.oaza.warszawa.pl\/wp\/wp-content\/uploads\/2021\/09\/MBL_7120-180x120.jpg 180w, https:\/\/www.oaza.warszawa.pl\/wp\/wp-content\/uploads\/2021\/09\/MBL_7120-338x225.jpg 338w, https:\/\/www.oaza.warszawa.pl\/wp\/wp-content\/uploads\/2021\/09\/MBL_7120-657x438.jpg 657w, https:\/\/www.oaza.warszawa.pl\/wp\/wp-content\/uploads\/2021\/09\/MBL_7120-768x512.jpg 768w, https:\/\/www.oaza.warszawa.pl\/wp\/wp-content\/uploads\/2021\/09\/MBL_7120-600x400.jpg 600w, https:\/\/www.oaza.warszawa.pl\/wp\/wp-content\/uploads\/2021\/09\/MBL_7120-1536x1024.jpg 1536w, https:\/\/www.oaza.warszawa.pl\/wp\/wp-content\/uploads\/2021\/09\/MBL_7120.jpg 1620w\" sizes=\"auto, (max-width: 180px) 100vw, 180px\" \/><\/a>\n\t\t\t<\/div><\/figure><figure class='gallery-item'>\n\t\t\t<div class='gallery-icon landscape'>\n\t\t\t\t<a href='https:\/\/www.oaza.warszawa.pl\/wp\/relacja\/pdw-relacja\/attachment\/mbl_7122\/'><img loading=\"lazy\" decoding=\"async\" width=\"180\" height=\"120\" src=\"https:\/\/www.oaza.warszawa.pl\/wp\/wp-content\/uploads\/2021\/09\/MBL_7122-180x120.jpg\" class=\"attachment-thumbnail size-thumbnail\" alt=\"\" srcset=\"https:\/\/www.oaza.warszawa.pl\/wp\/wp-content\/uploads\/2021\/09\/MBL_7122-180x120.jpg 180w, https:\/\/www.oaza.warszawa.pl\/wp\/wp-content\/uploads\/2021\/09\/MBL_7122-338x225.jpg 338w, https:\/\/www.oaza.warszawa.pl\/wp\/wp-content\/uploads\/2021\/09\/MBL_7122-657x438.jpg 657w, https:\/\/www.oaza.warszawa.pl\/wp\/wp-content\/uploads\/2021\/09\/MBL_7122-768x512.jpg 768w, https:\/\/www.oaza.warszawa.pl\/wp\/wp-content\/uploads\/2021\/09\/MBL_7122-600x400.jpg 600w, https:\/\/www.oaza.warszawa.pl\/wp\/wp-content\/uploads\/2021\/09\/MBL_7122-1536x1024.jpg 1536w, https:\/\/www.oaza.warszawa.pl\/wp\/wp-content\/uploads\/2021\/09\/MBL_7122.jpg 1620w\" sizes=\"auto, (max-width: 180px) 100vw, 180px\" \/><\/a>\n\t\t\t<\/div><\/figure><figure class='gallery-item'>\n\t\t\t<div class='gallery-icon landscape'>\n\t\t\t\t<a href='https:\/\/www.oaza.warszawa.pl\/wp\/relacja\/pdw-relacja\/attachment\/mbl_7136\/'><img loading=\"lazy\" decoding=\"async\" width=\"180\" height=\"120\" src=\"https:\/\/www.oaza.warszawa.pl\/wp\/wp-content\/uploads\/2021\/09\/MBL_7136-180x120.jpg\" class=\"attachment-thumbnail size-thumbnail\" alt=\"\" srcset=\"https:\/\/www.oaza.warszawa.pl\/wp\/wp-content\/uploads\/2021\/09\/MBL_7136-180x120.jpg 180w, https:\/\/www.oaza.warszawa.pl\/wp\/wp-content\/uploads\/2021\/09\/MBL_7136-338x225.jpg 338w, https:\/\/www.oaza.warszawa.pl\/wp\/wp-content\/uploads\/2021\/09\/MBL_7136-657x438.jpg 657w, https:\/\/www.oaza.warszawa.pl\/wp\/wp-content\/uploads\/2021\/09\/MBL_7136-768x512.jpg 768w, https:\/\/www.oaza.warszawa.pl\/wp\/wp-content\/uploads\/2021\/09\/MBL_7136-600x400.jpg 600w, https:\/\/www.oaza.warszawa.pl\/wp\/wp-content\/uploads\/2021\/09\/MBL_7136-1536x1024.jpg 1536w, https:\/\/www.oaza.warszawa.pl\/wp\/wp-content\/uploads\/2021\/09\/MBL_7136.jpg 1620w\" sizes=\"auto, (max-width: 180px) 100vw, 180px\" \/><\/a>\n\t\t\t<\/div><\/figure><figure class='gallery-item'>\n\t\t\t<div class='gallery-icon landscape'>\n\t\t\t\t<a href='https:\/\/www.oaza.warszawa.pl\/wp\/relacja\/pdw-relacja\/attachment\/mbl_7188\/'><img loading=\"lazy\" decoding=\"async\" width=\"180\" height=\"120\" src=\"https:\/\/www.oaza.warszawa.pl\/wp\/wp-content\/uploads\/2021\/09\/MBL_7188-180x120.jpg\" class=\"attachment-thumbnail size-thumbnail\" alt=\"\" srcset=\"https:\/\/www.oaza.warszawa.pl\/wp\/wp-content\/uploads\/2021\/09\/MBL_7188-180x120.jpg 180w, https:\/\/www.oaza.warszawa.pl\/wp\/wp-content\/uploads\/2021\/09\/MBL_7188-338x225.jpg 338w, https:\/\/www.oaza.warszawa.pl\/wp\/wp-content\/uploads\/2021\/09\/MBL_7188-657x438.jpg 657w, https:\/\/www.oaza.warszawa.pl\/wp\/wp-content\/uploads\/2021\/09\/MBL_7188-768x512.jpg 768w, https:\/\/www.oaza.warszawa.pl\/wp\/wp-content\/uploads\/2021\/09\/MBL_7188-600x400.jpg 600w, https:\/\/www.oaza.warszawa.pl\/wp\/wp-content\/uploads\/2021\/09\/MBL_7188-1536x1024.jpg 1536w, https:\/\/www.oaza.warszawa.pl\/wp\/wp-content\/uploads\/2021\/09\/MBL_7188.jpg 1620w\" sizes=\"auto, (max-width: 180px) 100vw, 180px\" \/><\/a>\n\t\t\t<\/div><\/figure><figure class='gallery-item'>\n\t\t\t<div class='gallery-icon landscape'>\n\t\t\t\t<a href='https:\/\/www.oaza.warszawa.pl\/wp\/relacja\/pdw-relacja\/attachment\/mbl_7208\/'><img loading=\"lazy\" decoding=\"async\" width=\"180\" height=\"120\" src=\"https:\/\/www.oaza.warszawa.pl\/wp\/wp-content\/uploads\/2021\/09\/MBL_7208-180x120.jpg\" class=\"attachment-thumbnail size-thumbnail\" alt=\"\" srcset=\"https:\/\/www.oaza.warszawa.pl\/wp\/wp-content\/uploads\/2021\/09\/MBL_7208-180x120.jpg 180w, https:\/\/www.oaza.warszawa.pl\/wp\/wp-content\/uploads\/2021\/09\/MBL_7208-338x225.jpg 338w, https:\/\/www.oaza.warszawa.pl\/wp\/wp-content\/uploads\/2021\/09\/MBL_7208-657x438.jpg 657w, https:\/\/www.oaza.warszawa.pl\/wp\/wp-content\/uploads\/2021\/09\/MBL_7208-768x512.jpg 768w, https:\/\/www.oaza.warszawa.pl\/wp\/wp-content\/uploads\/2021\/09\/MBL_7208-600x400.jpg 600w, https:\/\/www.oaza.warszawa.pl\/wp\/wp-content\/uploads\/2021\/09\/MBL_7208-1536x1024.jpg 1536w, https:\/\/www.oaza.warszawa.pl\/wp\/wp-content\/uploads\/2021\/09\/MBL_7208.jpg 1620w\" sizes=\"auto, (max-width: 180px) 100vw, 180px\" \/><\/a>\n\t\t\t<\/div><\/figure><figure class='gallery-item'>\n\t\t\t<div class='gallery-icon landscape'>\n\t\t\t\t<a href='https:\/\/www.oaza.warszawa.pl\/wp\/relacja\/pdw-relacja\/attachment\/mbl_7247\/'><img loading=\"lazy\" decoding=\"async\" width=\"180\" height=\"120\" src=\"https:\/\/www.oaza.warszawa.pl\/wp\/wp-content\/uploads\/2021\/09\/MBL_7247-180x120.jpg\" class=\"attachment-thumbnail size-thumbnail\" alt=\"\" srcset=\"https:\/\/www.oaza.warszawa.pl\/wp\/wp-content\/uploads\/2021\/09\/MBL_7247-180x120.jpg 180w, https:\/\/www.oaza.warszawa.pl\/wp\/wp-content\/uploads\/2021\/09\/MBL_7247-338x225.jpg 338w, https:\/\/www.oaza.warszawa.pl\/wp\/wp-content\/uploads\/2021\/09\/MBL_7247-657x438.jpg 657w, https:\/\/www.oaza.warszawa.pl\/wp\/wp-content\/uploads\/2021\/09\/MBL_7247-768x512.jpg 768w, https:\/\/www.oaza.warszawa.pl\/wp\/wp-content\/uploads\/2021\/09\/MBL_7247-600x400.jpg 600w, https:\/\/www.oaza.warszawa.pl\/wp\/wp-content\/uploads\/2021\/09\/MBL_7247-1536x1024.jpg 1536w, https:\/\/www.oaza.warszawa.pl\/wp\/wp-content\/uploads\/2021\/09\/MBL_7247.jpg 1620w\" sizes=\"auto, (max-width: 180px) 100vw, 180px\" \/><\/a>\n\t\t\t<\/div><\/figure><figure class='gallery-item'>\n\t\t\t<div class='gallery-icon landscape'>\n\t\t\t\t<a href='https:\/\/www.oaza.warszawa.pl\/wp\/relacja\/pdw-relacja\/attachment\/mbl_7257\/'><img loading=\"lazy\" decoding=\"async\" width=\"180\" height=\"120\" src=\"https:\/\/www.oaza.warszawa.pl\/wp\/wp-content\/uploads\/2021\/09\/MBL_7257-180x120.jpg\" class=\"attachment-thumbnail size-thumbnail\" alt=\"\" srcset=\"https:\/\/www.oaza.warszawa.pl\/wp\/wp-content\/uploads\/2021\/09\/MBL_7257-180x120.jpg 180w, https:\/\/www.oaza.warszawa.pl\/wp\/wp-content\/uploads\/2021\/09\/MBL_7257-338x225.jpg 338w, https:\/\/www.oaza.warszawa.pl\/wp\/wp-content\/uploads\/2021\/09\/MBL_7257-657x438.jpg 657w, https:\/\/www.oaza.warszawa.pl\/wp\/wp-content\/uploads\/2021\/09\/MBL_7257-768x512.jpg 768w, https:\/\/www.oaza.warszawa.pl\/wp\/wp-content\/uploads\/2021\/09\/MBL_7257-600x400.jpg 600w, https:\/\/www.oaza.warszawa.pl\/wp\/wp-content\/uploads\/2021\/09\/MBL_7257-1536x1024.jpg 1536w, https:\/\/www.oaza.warszawa.pl\/wp\/wp-content\/uploads\/2021\/09\/MBL_7257.jpg 1620w\" sizes=\"auto, (max-width: 180px) 100vw, 180px\" \/><\/a>\n\t\t\t<\/div><\/figure><figure class='gallery-item'>\n\t\t\t<div class='gallery-icon landscape'>\n\t\t\t\t<a href='https:\/\/www.oaza.warszawa.pl\/wp\/relacja\/pdw-relacja\/attachment\/mbl_7259\/'><img loading=\"lazy\" decoding=\"async\" width=\"180\" height=\"120\" src=\"https:\/\/www.oaza.warszawa.pl\/wp\/wp-content\/uploads\/2021\/09\/MBL_7259-180x120.jpg\" class=\"attachment-thumbnail size-thumbnail\" alt=\"\" srcset=\"https:\/\/www.oaza.warszawa.pl\/wp\/wp-content\/uploads\/2021\/09\/MBL_7259-180x120.jpg 180w, https:\/\/www.oaza.warszawa.pl\/wp\/wp-content\/uploads\/2021\/09\/MBL_7259-338x225.jpg 338w, https:\/\/www.oaza.warszawa.pl\/wp\/wp-content\/uploads\/2021\/09\/MBL_7259-657x438.jpg 657w, https:\/\/www.oaza.warszawa.pl\/wp\/wp-content\/uploads\/2021\/09\/MBL_7259-768x512.jpg 768w, https:\/\/www.oaza.warszawa.pl\/wp\/wp-content\/uploads\/2021\/09\/MBL_7259-600x400.jpg 600w, https:\/\/www.oaza.warszawa.pl\/wp\/wp-content\/uploads\/2021\/09\/MBL_7259-1536x1024.jpg 1536w, https:\/\/www.oaza.warszawa.pl\/wp\/wp-content\/uploads\/2021\/09\/MBL_7259.jpg 1620w\" sizes=\"auto, (max-width: 180px) 100vw, 180px\" \/><\/a>\n\t\t\t<\/div><\/figure><figure class='gallery-item'>\n\t\t\t<div class='gallery-icon landscape'>\n\t\t\t\t<a href='https:\/\/www.oaza.warszawa.pl\/wp\/relacja\/pdw-relacja\/attachment\/mbl_7262\/'><img loading=\"lazy\" decoding=\"async\" width=\"180\" height=\"120\" src=\"https:\/\/www.oaza.warszawa.pl\/wp\/wp-content\/uploads\/2021\/09\/MBL_7262-180x120.jpg\" class=\"attachment-thumbnail size-thumbnail\" alt=\"\" srcset=\"https:\/\/www.oaza.warszawa.pl\/wp\/wp-content\/uploads\/2021\/09\/MBL_7262-180x120.jpg 180w, https:\/\/www.oaza.warszawa.pl\/wp\/wp-content\/uploads\/2021\/09\/MBL_7262-338x225.jpg 338w, https:\/\/www.oaza.warszawa.pl\/wp\/wp-content\/uploads\/2021\/09\/MBL_7262-657x438.jpg 657w, https:\/\/www.oaza.warszawa.pl\/wp\/wp-content\/uploads\/2021\/09\/MBL_7262-768x512.jpg 768w, https:\/\/www.oaza.warszawa.pl\/wp\/wp-content\/uploads\/2021\/09\/MBL_7262-600x400.jpg 600w, https:\/\/www.oaza.warszawa.pl\/wp\/wp-content\/uploads\/2021\/09\/MBL_7262-1536x1024.jpg 1536w, https:\/\/www.oaza.warszawa.pl\/wp\/wp-content\/uploads\/2021\/09\/MBL_7262.jpg 1620w\" sizes=\"auto, (max-width: 180px) 100vw, 180px\" \/><\/a>\n\t\t\t<\/div><\/figure><figure class='gallery-item'>\n\t\t\t<div class='gallery-icon landscape'>\n\t\t\t\t<a href='https:\/\/www.oaza.warszawa.pl\/wp\/relacja\/pdw-relacja\/attachment\/mbl_7270\/'><img loading=\"lazy\" decoding=\"async\" width=\"180\" height=\"120\" src=\"https:\/\/www.oaza.warszawa.pl\/wp\/wp-content\/uploads\/2021\/09\/MBL_7270-180x120.jpg\" class=\"attachment-thumbnail size-thumbnail\" alt=\"\" srcset=\"https:\/\/www.oaza.warszawa.pl\/wp\/wp-content\/uploads\/2021\/09\/MBL_7270-180x120.jpg 180w, https:\/\/www.oaza.warszawa.pl\/wp\/wp-content\/uploads\/2021\/09\/MBL_7270-338x225.jpg 338w, https:\/\/www.oaza.warszawa.pl\/wp\/wp-content\/uploads\/2021\/09\/MBL_7270-657x438.jpg 657w, https:\/\/www.oaza.warszawa.pl\/wp\/wp-content\/uploads\/2021\/09\/MBL_7270-768x512.jpg 768w, https:\/\/www.oaza.warszawa.pl\/wp\/wp-content\/uploads\/2021\/09\/MBL_7270-600x400.jpg 600w, https:\/\/www.oaza.warszawa.pl\/wp\/wp-content\/uploads\/2021\/09\/MBL_7270-1536x1024.jpg 1536w, https:\/\/www.oaza.warszawa.pl\/wp\/wp-content\/uploads\/2021\/09\/MBL_7270.jpg 1620w\" sizes=\"auto, (max-width: 180px) 100vw, 180px\" \/><\/a>\n\t\t\t<\/div><\/figure><figure class='gallery-item'>\n\t\t\t<div class='gallery-icon portrait'>\n\t\t\t\t<a href='https:\/\/www.oaza.warszawa.pl\/wp\/241689791_370114621498126_2212583056319673224_n\/'><img loading=\"lazy\" decoding=\"async\" width=\"180\" height=\"120\" src=\"https:\/\/www.oaza.warszawa.pl\/wp\/wp-content\/uploads\/2021\/09\/241689791_370114621498126_2212583056319673224_n-180x120.jpg\" class=\"attachment-thumbnail size-thumbnail\" alt=\"\" \/><\/a>\n\t\t\t<\/div><\/figure><figure class='gallery-item'>\n\t\t\t<div class='gallery-icon landscape'>\n\t\t\t\t<a href='https:\/\/www.oaza.warszawa.pl\/wp\/241490070_5023257464368297_1794962736248707765_n\/'><img loading=\"lazy\" decoding=\"async\" width=\"180\" height=\"120\" src=\"https:\/\/www.oaza.warszawa.pl\/wp\/wp-content\/uploads\/2021\/09\/241490070_5023257464368297_1794962736248707765_n-180x120.jpg\" class=\"attachment-thumbnail size-thumbnail\" alt=\"\" \/><\/a>\n\t\t\t<\/div><\/figure><figure class='gallery-item'>\n\t\t\t<div class='gallery-icon landscape'>\n\t\t\t\t<a href='https:\/\/www.oaza.warszawa.pl\/wp\/241767118_359442382524903_5153630646566324603_n\/'><img loading=\"lazy\" decoding=\"async\" width=\"180\" height=\"120\" src=\"https:\/\/www.oaza.warszawa.pl\/wp\/wp-content\/uploads\/2021\/09\/241767118_359442382524903_5153630646566324603_n-180x120.jpg\" class=\"attachment-thumbnail size-thumbnail\" alt=\"\" \/><\/a>\n\t\t\t<\/div><\/figure>\n\t\t<\/div>\n\n<p>Og\u0142oszenia:<a id=\"LPlnk983558\" href=\"https:\/\/drive.google.com\/drive\/folders\/1FxAPfj1emSQzC1vy7R_g3yFHtnScIPAw?usp=sharing\"><\/a><\/p>\n<h3>DDE (Diecezjalna Diakonia Ewangelizacji):<\/h3>\n<p>Zapraszamy osoby po 1 st. ON\u017b na spotkania. Co miesi\u0105c w 4. czwartek miesi\u0105ca.<br \/>\nNajbli\u017csze odb\u0119dzie si\u0119 <strong>23.09 o 19.00 w Powsinie w par. \u015bw. El\u017cbiety<\/strong>\u00a0(ul. Przycz\u00f3\u0142kowa 29, 02-968 Warszawa)<\/p>\n<p>&nbsp;<\/p>\n<h3>DDL (Diecezjalna Diakonia Liturgiczna):<\/h3>\n<p>Zapraszamy wszystkich, kt\u00f3rzy w ramach formacji prze\u017cyli ju\u017c rekolekcje 2 stopnia, zar\u00f3wno w ga\u0142\u0119zi indywidualnej, jak i w DK.<br \/>\nZapraszamy na spotkania formacyjne oraz do pos\u0142ugi w ramach Diakonii. Czekamy zar\u00f3wno na Pan\u00f3w, jak i na Panie.<br \/>\nSpotkania Diakonii odbywaj\u0105 si\u0119 <strong>w ka\u017cdy 3. wtorek miesi\u0105ca o godz. 19:00 w parafii \u015bw. Jakuba Aposto\u0142a<\/strong> przy pl. Narutowicza. Najbli\u017csze spotkanie ju\u017c 21 wrze\u015bnia.<br \/>\nJednocze\u015bnie zwracamy si\u0119 do Wsp\u00f3lnot &#8211; zapro\u015bcie nas. Odwiedzimy Was, pomodlimy si\u0119 z razem, opowiemy jak staramy si\u0119 \u017cy\u0107 liturgi\u0105, poprowadzimy konferencj\u0119 czy warsztaty.\u00a0Kontakt: <a href=\"m&#97;&#x69;&#x6c;t&#111;&#x3a;&#x67;a&#109;&#x65;&#x6c;a&#110;&#x40;&#x77;p&#46;&#x70;&#x6c;\" target=\"_blank\" rel=\"noopener\">g&#97;&#x6d;&#x65;&#x6c;a&#110;&#64;&#x77;&#x70;&#46;&#112;&#108;<\/a><\/p>\n<p>&nbsp;<\/p>\n<h3>DDW (Diecezjalna Diakonia Wyzwolenia):<\/h3>\n<p>Przekazujemy wszystkim zainteresowanym osobom <strong>zaproszenie na\u00a0Og\u00f3lnopolsk\u0105 Pielgrzymce Krucjaty Wyzwolenia Cz\u0142owieka<\/strong>, kt\u00f3ra odb\u0119dzie si\u0119 w sobot\u0119 25 wrze\u015bnia br.<\/p>\n<p>Miejsce i program pielgrzymki: Klasztor Niepokalan\u00f3w, Paprotnia, ul. M. Kolbego 5, 96-515 Teresin<\/p>\n<p>9:00 \u2013 10:00 Przyjazd i rejestracja uczestnik\u00f3w<br \/>\n10:00 Powitanie uczestnik\u00f3w, zawi\u0105zanie wsp\u00f3lnoty<br \/>\n10:45 Przygotowanie do Eucharystii<br \/>\n11:00 Eucharystia<br \/>\n12:20 Konferencja o \u015bw. Maksymilianie Kolbe<br \/>\n13:00 S\u0142owo ksi\u0119dza moderatora generalnego Ruchu \u015awiat\u0142o-\u017bycie<br \/>\nS\u0142owo krajowego moderatora Krucjaty Wyzwolenia Cz\u0142owieka<br \/>\n14:00 Posi\u0142ek przygotowany przez organizator\u00f3w<br \/>\n15:00 Droga Krzy\u017cowa i \u015bwiadectwa<br \/>\nPo zako\u0144czeniu b\u0119dzie mo\u017cliwo\u015b\u0107 indywidualnego zwiedzania muzeum i kaplicy O. Maksymiliana Kolbe.<br \/>\n(\u017ar\u00f3d\u0142o: <a href=\"https:\/\/www.oaza.pl\/pielgrzymka-kwc-2021__trashed\/\" target=\"_blank\" rel=\"noopener\">https:\/\/www.oaza.pl\/pielgrzymka-kwc-2021__trashed\/<\/a>)<\/p>\n<p>Zapraszamy do wsp\u00f3lnego dojazdu z Diecezjaln\u0105 Diakoni\u0105 Wyzwolenia lub indywidualnie.<br \/>\nWg rozk\u0142adu na dzie\u0144 dzisiejszy: jedziemy z Dworca Zachodniego, kolej\u0105 linii R3 relacji Warszawa-Sochaczew, odjazd o godz. 8.52.<br \/>\nWysiadamy na stacji Teresin-Niepokalan\u00f3w.<br \/>\nProsimy o zakupienie bilet\u00f3w na przejazd we w\u0142asnym zakresie.<\/p>\n<p>Zapraszamy na spotkania Diakonii Wyzwolenia.<br \/>\nSpotkania odbywaj\u0105 si\u0119 raz w miesi\u0105cu, <strong>we wtorki, w parafii \u015bw. Jakuba Aposto\u0142a przy ul. Gr\u00f3jeckiej 38<\/strong> (przy Pl. Narutowicza).<br \/>\nCh\u0119tnych do udzia\u0142u w spotkaniach prosimy o kontakt mailowy pod adresem: <a href=\"&#x6d;a&#x69;&#108;t&#x6f;&#58;&#x64;&#100;w&#x79;&#122;&#x77;&#111;l&#x65;&#110;&#x69;&#x61;&#46;&#x77;&#97;w&#x40;&#103;&#x6d;&#97;i&#x6c;&#46;&#x63;&#111;m\" target=\"_blank\" rel=\"noopener\">&#x64;&#x64;&#x77;&#x79;&#x7a;&#x77;&#x6f;&#x6c;&#x65;&#x6e;&#x69;&#x61;&#x2e;&#x77;&#97;&#119;&#64;&#103;&#109;&#97;&#105;&#108;&#46;&#99;&#111;m<\/a><\/p>\n<p>&nbsp;<\/p>\n<h3>DOR (Diakonia Oaz Rekolekcyjnych):<\/h3>\n<p>Jeszcze raz bardzo dzi\u0119kujemy Wiktorii G\u00f3rskiej oraz ks. Jakubowi Pytlakowskiemu za pos\u0142ug\u0119 jako odpowiedzialnej i moderatorowi naszej diakonii. Jednocze\u015bnie witamy ks. Paw\u0142a Korbina w roli nowego moderatora oraz Kamil\u0119 Skrzypek, kt\u00f3ra wraz z Micha\u0142em Pow\u0119skim b\u0119dzie od tego roku dzieli\u0107 odpowiedzialno\u015b\u0107 za DOR.<br \/>\nSerdecznie zapraszamy zainteresowanych prac\u0105 na rzecz przygotowywania rekolekcji wakacyjnych na kolejne spotkanie naszej diakonii, kt\u00f3re odb\u0119dzie si\u0119 <strong>29.10 o 19.00 w ko\u015bciele \u015bw. Anny na Starym Mie\u015bcie.<\/strong><br \/>\nDiakonie tegorocznych rekolekcji wakacyjnych zach\u0119camy do podzielenia si\u0119 materia\u0142ami, kt\u00f3re wypracowali\u015bcie jako pomoc w ich przeprowadzeniu. Dzielenie si\u0119 wypracowanymi rozwi\u0105zaniami mo\u017ce bardzo pom\u00f3c kolejnym diakoniom danych stopni w ich przygotowaniu i dobrym przeprowadzeniu; wiemy to z praktyki! W celu zbierania tych\u017ce pomocy w jedno miejsce, od dw\u00f3ch lat dzia\u0142a dysk &#8222;materia\u0142y na rekolekcje&#8221;. Udost\u0119pniamy link do jednego z jego folder\u00f3w, by wrzuca\u0107 tam wszelkie pliki, jak materia\u0142y plastyczne (s\u0142owa\/znaki dnia, templatki do dy\u017cur\u00f3w czy identyfikator\u00f3w), pomys\u0142y na pogodne wieczory, konspekty na konferencje na wieczory powa\u017cne, konspekty spotka\u0144, piosenki do ta\u0144c\u00f3w, pomocne uwagi organizacyjne dla kolejnych moderacji itp. Zach\u0119camy do uzupe\u0142niania go! <a href=\"https:\/\/drive.google.com\/drive\/folders\/1FxAPfj1emSQzC1vy7R_g3yFHtnScIPAw?usp=sharing\" target=\"_blank\" rel=\"noopener\">https:\/\/drive.google.com\/drive\/folders\/1FxAPfj1emSQzC1vy7R_g3yFHtnScIPAw?usp=sharing<\/a><\/p>\n<\/div>\n","protected":false},"excerpt":{"rendered":"<div class=\"mh-excerpt\"><p>Niedzielne popo\u0142udnie 5 wrze\u015bnia by\u0142o czasem, w kt\u00f3rym mieli\u015bmy szans\u0119 dzi\u0119kowa\u0107 Bogu za dar i owoce tegorocznych, wakacyjnych rekolekcji, za wszystkie osoby, dzi\u0119ki kt\u00f3rym by\u0142y one mo\u017cliwe do zorganizowania. Tak jak w zesz\u0142ym roku Powakacyjny <a class=\"mh-excerpt-more\" href=\"https:\/\/www.oaza.warszawa.pl\/wp\/relacja\/pdw-relacja\/\" title=\"Powakacyjny Dzie\u0144 Wsp\u00f3lnoty 2021 &#8211; relacja\">[&#8230;]<\/a><\/p>\n<\/div>","protected":false},"author":7742,"featured_media":28120,"comment_status":"closed","ping_status":"open","sticky":false,"template":"","format":"standard","meta":{"_monsterinsights_skip_tracking":false,"_monsterinsights_sitenote_active":false,"_monsterinsights_sitenote_note":"","_monsterinsights_sitenote_category":0,"footnotes":""},"categories":[274],"tags":[199,210,206,204,202,207,316,221,331,171,266],"class_list":{"0":"post-28022","1":"post","2":"type-post","3":"status-publish","4":"format-standard","5":"has-post-thumbnail","7":"category-relacja","8":"tag-diakonia-ewangelizacji","9":"tag-diakonia-liturgiczna","10":"tag-diakonia-muzyczna","11":"tag-diakonia-oaz-rekolekcyjnych","12":"tag-diakonia-wyzwolenia","13":"tag-diakonia-zycia","14":"tag-diecezjalny-dzien-wspolnoty","15":"tag-oaza","16":"tag-powakacyjny-dzien-wspolnoty","17":"tag-relacje","18":"tag-ruch-swiatlo-zycie"},"aioseo_notices":[],"views":372,"publishpress_future_action":{"enabled":false,"date":"2026-05-06 08:30:01","action":"category","newStatus":"draft","terms":[],"taxonomy":"category"},"publishpress_future_workflow_manual_trigger":{"enabledWorkflows":[]},"_links":{"self":[{"href":"https:\/\/www.oaza.warszawa.pl\/wp\/wp-json\/wp\/v2\/posts\/28022","targetHints":{"allow":["GET"]}}],"collection":[{"href":"https:\/\/www.oaza.warszawa.pl\/wp\/wp-json\/wp\/v2\/posts"}],"about":[{"href":"https:\/\/www.oaza.warszawa.pl\/wp\/wp-json\/wp\/v2\/types\/post"}],"author":[{"embeddable":true,"href":"https:\/\/www.oaza.warszawa.pl\/wp\/wp-json\/wp\/v2\/users\/7742"}],"replies":[{"embeddable":true,"href":"https:\/\/www.oaza.warszawa.pl\/wp\/wp-json\/wp\/v2\/comments?post=28022"}],"version-history":[{"count":19,"href":"https:\/\/www.oaza.warszawa.pl\/wp\/wp-json\/wp\/v2\/posts\/28022\/revisions"}],"predecessor-version":[{"id":28132,"href":"https:\/\/www.oaza.warszawa.pl\/wp\/wp-json\/wp\/v2\/posts\/28022\/revisions\/28132"}],"wp:featuredmedia":[{"embeddable":true,"href":"https:\/\/www.oaza.warszawa.pl\/wp\/wp-json\/wp\/v2\/media\/28120"}],"wp:attachment":[{"href":"https:\/\/www.oaza.warszawa.pl\/wp\/wp-json\/wp\/v2\/media?parent=28022"}],"wp:term":[{"taxonomy":"category","embeddable":true,"href":"https:\/\/www.oaza.warszawa.pl\/wp\/wp-json\/wp\/v2\/categories?post=28022"},{"taxonomy":"post_tag","embeddable":true,"href":"https:\/\/www.oaza.warszawa.pl\/wp\/wp-json\/wp\/v2\/tags?post=28022"}],"curies":[{"name":"wp","href":"https:\/\/api.w.org\/{rel}","templated":true}]}}